{"id":1426,"date":"2019-10-10T08:00:24","date_gmt":"2019-10-09T23:00:24","guid":{"rendered":"https:\/\/www.trans-euro.jp\/TAex\/?p=1426"},"modified":"2019-10-11T15:10:51","modified_gmt":"2019-10-11T06:10:51","slug":"fridays-for-future-warum-nur-wenige-japaner-demonstrieren","status":"publish","type":"post","link":"https:\/\/www.trans-euro.jp\/TAex\/2019\/10\/10\/fridays-for-future-warum-nur-wenige-japaner-demonstrieren\/","title":{"rendered":"Fridays for Future \u2013 Warum nur wenige Japaner demonstrieren"},"content":{"rendered":"<div id=\"ez-toc-container\" class=\"ez-toc-v2_0_80 counter-flat ez-toc-counter ez-toc-custom ez-toc-container-direction\">\n<div class=\"ez-toc-title-container\"><p class=\"ez-toc-title\" style=\"cursor:inherit\">Table of Contents<\/p>\n<\/div><nav><ul class='ez-toc-list ez-toc-list-level-1 ' ><li class='ez-toc-page-1'><a class=\"ez-toc-link ez-toc-heading-1\" href=\"https:\/\/www.trans-euro.jp\/TAex\/2019\/10\/10\/fridays-for-future-warum-nur-wenige-japaner-demonstrieren\/#Fridays_for_Future_in_Deutschland_und_Japan\" >Fridays for Future in Deutschland und Japan<\/a><\/li><li class='ez-toc-page-1'><a class=\"ez-toc-link ez-toc-heading-2\" href=\"https:\/\/www.trans-euro.jp\/TAex\/2019\/10\/10\/fridays-for-future-warum-nur-wenige-japaner-demonstrieren\/#Warum_demonstrieren_die_Japaner_nicht\" >Warum demonstrieren die Japaner nicht?<\/a><\/li><li class='ez-toc-page-1'><a class=\"ez-toc-link ez-toc-heading-3\" href=\"https:\/\/www.trans-euro.jp\/TAex\/2019\/10\/10\/fridays-for-future-warum-nur-wenige-japaner-demonstrieren\/#Japan_%E2%80%93_das_Land_ohne_Streiks\" >Japan \u2013 das Land ohne Streiks<\/a><\/li><\/ul><\/nav><\/div>\n<p>Wenn man deutsche Nachrichten verfolgt, ist man in den letzten Monaten h\u00e4ufig auf das Thema \u201eFridays for Future\u201c gesto\u00dfen. In den japanischen Nachrichten jedoch h\u00f6rt man nur wenig dar\u00fcber. Was genau ist Fridays for Future und warum findet die Bewegung in Japan nur wenig Anklang?<\/p>\n<p><!--more--><\/p>\n<p><strong>\u00a0<\/strong><strong>Was ist Fridays for Future?<\/strong><\/p>\n<p>Fridays for Future ist eine Bewegung haupts\u00e4chlich von Jugendlichen, die sich f\u00fcr mehr und bessere Ma\u00dfnahmen zum Klimaschutz einsetzten, um das auf der Weltklimakonferenz in Paris 2015 beschlossene 1,5-Grad-Ziel der Vereinten Nationen noch einhalten zu k\u00f6nnen. Regelm\u00e4\u00dfig wird an Freitagen w\u00e4hrend der Schulzeit auf den Stra\u00dfen demonstriert. Ausl\u00f6ser der Bewegung war die schwedische Klimaschutzaktivistin Greta Thunberg, die zum ersten Mal am 20. August 2018 vor dem schwedischen Reichstag demonstrierte. Die Bewegung nahm schnell Fahrt auf und auch in anderen L\u00e4ndern begannen Jugendliche zu demonstrieren.<\/p>\n<p><img decoding=\"async\" class=\"alignnone wp-image-1427 lazyload\" data-src=\"https:\/\/www.trans-euro.jp\/TAex\/wp-content\/uploads\/2019\/10\/pexels-photo-2058779.jpg\" alt=\"\" width=\"597\" height=\"398\" data-srcset=\"https:\/\/www.trans-euro.jp\/TAex\/wp-content\/uploads\/2019\/10\/pexels-photo-2058779.jpg 1880w, https:\/\/www.trans-euro.jp\/TAex\/wp-content\/uploads\/2019\/10\/pexels-photo-2058779-300x200.jpg 300w, https:\/\/www.trans-euro.jp\/TAex\/wp-content\/uploads\/2019\/10\/pexels-photo-2058779-768x512.jpg 768w, https:\/\/www.trans-euro.jp\/TAex\/wp-content\/uploads\/2019\/10\/pexels-photo-2058779-1024x682.jpg 1024w\" data-sizes=\"(max-width: 597px) 100vw, 597px\" src=\"data:image\/svg+xml;base64,PHN2ZyB3aWR0aD0iMSIgaGVpZ2h0PSIxIiB4bWxucz0iaHR0cDovL3d3dy53My5vcmcvMjAwMC9zdmciPjwvc3ZnPg==\" style=\"--smush-placeholder-width: 597px; --smush-placeholder-aspect-ratio: 597\/398;\" \/><\/p>\n<h3><span class=\"ez-toc-section\" id=\"Fridays_for_Future_in_Deutschland_und_Japan\"><\/span><strong>Fridays for Future in Deutschland und Japan<\/strong><span class=\"ez-toc-section-end\"><\/span><\/h3>\n<p>In Deutschland finden die Fridays for Future Demonstrationen regelm\u00e4\u00dfig statt und das mit nicht geringen Teilnehmerzahlen. So protestierten z. B. am 15. Februar 2019 30.000 Sch\u00fcler, Studierende und Auszubildende in ganz Deutschland. Auch Wissenschaftler schlossen sich unter dem Banner \u201eScientist for future\u201c der Bewegung an.<\/p>\n<p>In Japan hingegen findet die Bewegung wenig Anklang. Bei einer Demo im Februar 2019 in Tokyo waren <strong><a href=\"https:\/\/sumikai.com\/nachrichten-aus-japan\/jfridays-for-future-jugenddemos-fuer-eine-neue-klimapolitik-erreichen-japan-241202\/\" target=\"_blank\" rel=\"noopener\">lediglich 20 Jugendliche<\/a><\/strong> anwesend. \u00a0Am Weltklimastreiktag, dem 15. M\u00e4rz 2019, demonstrierten nur etwa 100 Personen in Tokyo.<\/p>\n<h3><span class=\"ez-toc-section\" id=\"Warum_demonstrieren_die_Japaner_nicht\"><\/span><strong>Warum demonstrieren die Japaner nicht?<\/strong><span class=\"ez-toc-section-end\"><\/span><\/h3>\n<p>Einer der Gr\u00fcnde f\u00fcr die geringe Teilnahme in Japan ist wahrscheinlich Schulsystem begr\u00fcndet. Viele Sch\u00fcler haben das Ziel, an einer guten Universit\u00e4t angenommen zu werden, denn nur so kommt in Japan an einen gut bezahlten Job. Aufgenommen wird nur, wer die Aufnahmepr\u00fcfung der Universit\u00e4t besteht und daf\u00fcr m\u00fcssen japanischen Sch\u00fcler sehr viel lernen. So viel, dass sie nach dem regul\u00e4ren Unterricht noch spezielle Paukschulen besuchen, die auf die Aufnahmepr\u00fcfungen vorbereiten. Regelm\u00e4\u00dfiges Schw\u00e4nzen l\u00e4sst sich damit nur schwer vereinbaren.<\/p>\n<p>Doch auch das Thema Fridays for Futur ist in Japan wenig repr\u00e4sentiert. In den Nachrichten wird es kaum behandelt, es gibt keine japanische Version der Wikipedia Seite zu Fridays for Future und die Facebook-Gruppe \u201eFridays For Future Tokyo\u201c hat weniger als 2.000 Abonnenten. Allgemein wird das Thema Umwelt- und Klimaschutz in Japan in den Medien relativ str\u00e4flich behandelt. Viele Japaner wissen wahrscheinlich einfach gar nichts von der Bewegung.<\/p>\n<p><img decoding=\"async\" class=\"alignnone wp-image-1428 lazyload\" data-src=\"https:\/\/www.trans-euro.jp\/TAex\/wp-content\/uploads\/2019\/10\/pexels-photo-1094323.jpg\" alt=\"\" width=\"621\" height=\"414\" data-srcset=\"https:\/\/www.trans-euro.jp\/TAex\/wp-content\/uploads\/2019\/10\/pexels-photo-1094323.jpg 1880w, https:\/\/www.trans-euro.jp\/TAex\/wp-content\/uploads\/2019\/10\/pexels-photo-1094323-300x200.jpg 300w, https:\/\/www.trans-euro.jp\/TAex\/wp-content\/uploads\/2019\/10\/pexels-photo-1094323-768x512.jpg 768w, https:\/\/www.trans-euro.jp\/TAex\/wp-content\/uploads\/2019\/10\/pexels-photo-1094323-1024x682.jpg 1024w\" data-sizes=\"(max-width: 621px) 100vw, 621px\" src=\"data:image\/svg+xml;base64,PHN2ZyB3aWR0aD0iMSIgaGVpZ2h0PSIxIiB4bWxucz0iaHR0cDovL3d3dy53My5vcmcvMjAwMC9zdmciPjwvc3ZnPg==\" style=\"--smush-placeholder-width: 621px; --smush-placeholder-aspect-ratio: 621\/414;\" \/><\/p>\n<h3><span class=\"ez-toc-section\" id=\"Japan_%E2%80%93_das_Land_ohne_Streiks\"><\/span><strong>Japan \u2013 das Land ohne Streiks<\/strong><span class=\"ez-toc-section-end\"><\/span><\/h3>\n<p>Weiterhin ist zu erw\u00e4hnen, dass Japan ein Land ist, wo generell wenig gestreikt wird. Im Jahr 2012 kam Japan auf nur<strong><a href=\"https:\/\/www.handelsblatt.com\/politik\/international\/arbeitskampf-weltweit-japan-das-land-ohne-streiks\/10942372-2.html\" target=\"_blank\" rel=\"noopener\"> 4,5% der Streittage Deutschlands<\/a>\u00a0<\/strong> und selbst wenn japanische Arbeitnehmer streiken, verrichten sie trotzdem ihre T\u00e4tigkeiten. Letztes Jahr streikten die Busfahrer in der Stadt Okayama f\u00fcr einen Tag. Die Busse sind an diesem Tag trotzdem gefahren, die Busfahrer kassierten <strong><a href=\"https:\/\/www.focus.de\/finanzen\/news\/arbeitsmarkt\/warnstreik-bei-der-deutschen-bahn-mit-statt-gegen-die-kunden-warum-streiken-die-lokfuehrer-nicht-einfach-wie-in-japan_id_10058114.html\" target=\"_blank\" rel=\"noopener\">lediglich kein Geld von den Passagieren<\/a><\/strong> und kontrollierten keine Fahrkarten.<\/p>\n<p>Wenn die japanische Streitkultur so aussieht, ist es f\u00fcr viele japanische Jugendliche wahrscheinlich schwer vorstellbar,\u00a0freitags die Schule zu schw\u00e4nzen und f\u00fcr den Klimaschutz zu protestieren.<\/p>\n<p><strong>Wie finden Sie die Fridays for Future Demonstrationen? Sollten die Japaner auch mehr demonstrieren?<\/strong><\/p>\n","protected":false},"excerpt":{"rendered":"<p>Wenn man deutsche Nachrichten verfolgt, ist man in den letzten Monaten h\u00e4ufig auf das Thema \u201eFridays for Futur &hellip;<\/p>\n","protected":false},"author":3,"featured_media":1430,"comment_status":"open","ping_status":"open","sticky":false,"template":"","format":"standard","meta":{"footnotes":""},"categories":[24],"tags":[],"class_list":{"0":"post-1426","1":"post","2":"type-post","3":"status-publish","4":"format-standard","5":"has-post-thumbnail","7":"category-doitsu","8":"clearfix","9":"article"},"_links":{"self":[{"href":"https:\/\/www.trans-euro.jp\/TAex\/wp-json\/wp\/v2\/posts\/1426","targetHints":{"allow":["GET"]}}],"collection":[{"href":"https:\/\/www.trans-euro.jp\/TAex\/wp-json\/wp\/v2\/posts"}],"about":[{"href":"https:\/\/www.trans-euro.jp\/TAex\/wp-json\/wp\/v2\/types\/post"}],"author":[{"embeddable":true,"href":"https:\/\/www.trans-euro.jp\/TAex\/wp-json\/wp\/v2\/users\/3"}],"replies":[{"embeddable":true,"href":"https:\/\/www.trans-euro.jp\/TAex\/wp-json\/wp\/v2\/comments?post=1426"}],"version-history":[{"count":0,"href":"https:\/\/www.trans-euro.jp\/TAex\/wp-json\/wp\/v2\/posts\/1426\/revisions"}],"wp:featuredmedia":[{"embeddable":true,"href":"https:\/\/www.trans-euro.jp\/TAex\/wp-json\/wp\/v2\/media\/1430"}],"wp:attachment":[{"href":"https:\/\/www.trans-euro.jp\/TAex\/wp-json\/wp\/v2\/media?parent=1426"}],"wp:term":[{"taxonomy":"category","embeddable":true,"href":"https:\/\/www.trans-euro.jp\/TAex\/wp-json\/wp\/v2\/categories?post=1426"},{"taxonomy":"post_tag","embeddable":true,"href":"https:\/\/www.trans-euro.jp\/TAex\/wp-json\/wp\/v2\/tags?post=1426"}],"curies":[{"name":"wp","href":"https:\/\/api.w.org\/{rel}","templated":true}]}}