{"id":1986,"date":"2020-04-30T08:00:04","date_gmt":"2020-04-29T23:00:04","guid":{"rendered":"https:\/\/www.trans-euro.jp\/TAex\/?p=1986"},"modified":"2020-04-30T15:20:10","modified_gmt":"2020-04-30T06:20:10","slug":"die-maskensituation-in-japan","status":"publish","type":"post","link":"https:\/\/www.trans-euro.jp\/TAex\/2020\/04\/30\/die-maskensituation-in-japan\/","title":{"rendered":"Die Maskensituation in Japan"},"content":{"rendered":"<div id=\"ez-toc-container\" class=\"ez-toc-v2_0_80 counter-flat ez-toc-counter ez-toc-custom ez-toc-container-direction\">\n<div class=\"ez-toc-title-container\"><p class=\"ez-toc-title\" style=\"cursor:inherit\">Table of Contents<\/p>\n<\/div><nav><ul class='ez-toc-list ez-toc-list-level-1 ' ><li class='ez-toc-page-1'><a class=\"ez-toc-link ez-toc-heading-1\" href=\"https:\/\/www.trans-euro.jp\/TAex\/2020\/04\/30\/die-maskensituation-in-japan\/#Masken_uberall_ausverkauft\" >Masken \u00fcberall ausverkauft<\/a><\/li><li class='ez-toc-page-1'><a class=\"ez-toc-link ez-toc-heading-2\" href=\"https:\/\/www.trans-euro.jp\/TAex\/2020\/04\/30\/die-maskensituation-in-japan\/#Masken_vom_Staat\" >Masken vom Staat<\/a><\/li><li class='ez-toc-page-1'><a class=\"ez-toc-link ez-toc-heading-3\" href=\"https:\/\/www.trans-euro.jp\/TAex\/2020\/04\/30\/die-maskensituation-in-japan\/#Sharp_steigt_in_den_Maskenmarkt_ein\" >Sharp steigt in den Maskenmarkt ein<\/a><\/li><li class='ez-toc-page-1'><a class=\"ez-toc-link ez-toc-heading-4\" href=\"https:\/\/www.trans-euro.jp\/TAex\/2020\/04\/30\/die-maskensituation-in-japan\/#Fukui_stellt_Masken_sicher\" >Fukui stellt Masken sicher<\/a><\/li><\/ul><\/nav><\/div>\n<p>In Deutschland gilt seit Montag eine Maskenpflicht. In Japan gibt es keine offizielle Maskenpflicht, allerdings empfehlen viele Experten das Tragen einer Maske in der \u00d6ffentlichkeit. Auch haben einige Gesch\u00e4fte ein Verbot eingef\u00fchrt, ohne Maske das Gesch\u00e4ft zu betreten und viele Angestellte, die viel Kundenkontakt haben, m\u00fcssen laut Vorschrift des Arbeitgebers Masken tragen.<\/p>\n<p><!--more--><\/p>\n<p><img decoding=\"async\" class=\"alignnone wp-image-1987 lazyload\" data-src=\"https:\/\/www.trans-euro.jp\/TAex\/wp-content\/uploads\/2020\/04\/IMG_9611.jpg\" alt=\"\" width=\"551\" height=\"413\" data-srcset=\"https:\/\/www.trans-euro.jp\/TAex\/wp-content\/uploads\/2020\/04\/IMG_9611.jpg 2016w, https:\/\/www.trans-euro.jp\/TAex\/wp-content\/uploads\/2020\/04\/IMG_9611-300x225.jpg 300w, https:\/\/www.trans-euro.jp\/TAex\/wp-content\/uploads\/2020\/04\/IMG_9611-768x576.jpg 768w, https:\/\/www.trans-euro.jp\/TAex\/wp-content\/uploads\/2020\/04\/IMG_9611-1024x768.jpg 1024w\" data-sizes=\"(max-width: 551px) 100vw, 551px\" src=\"data:image\/svg+xml;base64,PHN2ZyB3aWR0aD0iMSIgaGVpZ2h0PSIxIiB4bWxucz0iaHR0cDovL3d3dy53My5vcmcvMjAwMC9zdmciPjwvc3ZnPg==\" style=\"--smush-placeholder-width: 551px; --smush-placeholder-aspect-ratio: 551\/413;\" \/><\/p>\n<h3><span class=\"ez-toc-section\" id=\"Masken_uberall_ausverkauft\"><\/span><strong>Masken \u00fcberall ausverkauft<\/strong><span class=\"ez-toc-section-end\"><\/span><\/h3>\n<p>&nbsp;<\/p>\n<p>Allerdings ist es in Japan gerade gar nicht so einfach, an Masken zu kommen. Normalerweise sind Masken in jeder Drogerie und in jedem Convenience Store erh\u00e4ltlich. Bereits seit Februar sind Masken allerdings in vielen Gesch\u00e4ften ausverkauft.<\/p>\n<h3><span class=\"ez-toc-section\" id=\"Masken_vom_Staat\"><\/span><strong>Masken vom Staat<\/strong><span class=\"ez-toc-section-end\"><\/span><\/h3>\n<p>&nbsp;<\/p>\n<p>Um dem Mangel an Masken entgegenzuwirken, hat die japanische Regierung beschlossen, dass an jeden Haushalt in Japan zwei wiederverwendbare Stoffmasken geschickt werden. Was zun\u00e4chst nach einer netten Geste aussieht, endete allerdings in gro\u00dfer Emp\u00f6rung. Obwohl erst ein kleiner Teil der Bev\u00f6lkerung die Masken erhalten hat, gab es bereits zahlreiche Beschwerden \u00fcber Qualit\u00e4tsm\u00e4ngel. Es wurde sogar von Schimmel und K\u00e4fern berichtet. <a href=\"https:\/\/sumikai.com\/nachrichten-aus-japan\/hersteller-der-kostenlosen-stoffmasken-von-der-japanischen-regierung-rufen-ware-zurueck-271820\/\" target=\"_blank\" rel=\"noopener\"><span style=\"color: #800080;\"><strong>Infolgedessen wurden die Masken zur\u00fcckgerufen und die Auslieferung wurde zun\u00e4chst gestoppt.<\/strong><\/span><\/a><\/p>\n<h3><img decoding=\"async\" class=\"alignnone wp-image-1988 lazyload\" data-src=\"https:\/\/www.trans-euro.jp\/TAex\/wp-content\/uploads\/2020\/04\/photo-of-man-wearing-mask-1165655.jpg\" alt=\"\" width=\"489\" height=\"735\" data-srcset=\"https:\/\/www.trans-euro.jp\/TAex\/wp-content\/uploads\/2020\/04\/photo-of-man-wearing-mask-1165655.jpg 2832w, https:\/\/www.trans-euro.jp\/TAex\/wp-content\/uploads\/2020\/04\/photo-of-man-wearing-mask-1165655-200x300.jpg 200w, https:\/\/www.trans-euro.jp\/TAex\/wp-content\/uploads\/2020\/04\/photo-of-man-wearing-mask-1165655-768x1154.jpg 768w, https:\/\/www.trans-euro.jp\/TAex\/wp-content\/uploads\/2020\/04\/photo-of-man-wearing-mask-1165655-681x1024.jpg 681w\" data-sizes=\"(max-width: 489px) 100vw, 489px\" src=\"data:image\/svg+xml;base64,PHN2ZyB3aWR0aD0iMSIgaGVpZ2h0PSIxIiB4bWxucz0iaHR0cDovL3d3dy53My5vcmcvMjAwMC9zdmciPjwvc3ZnPg==\" style=\"--smush-placeholder-width: 489px; --smush-placeholder-aspect-ratio: 489\/735;\" \/><\/h3>\n<h3><\/h3>\n<h3><span class=\"ez-toc-section\" id=\"Sharp_steigt_in_den_Maskenmarkt_ein\"><\/span><strong>Sharp steigt in den Maskenmarkt ein<\/strong><span class=\"ez-toc-section-end\"><\/span><\/h3>\n<p>&nbsp;<\/p>\n<p>Der Elektronikhersteller Sharp hat auf Bitte der japanischen Regierung mit der Produktion von Masken begonnen. Am 21. April sollte der Verkauf an Privatpersonen \u00fcber die Firmenwebseite starten. Verkauft werden sollten Packungen mit 50 Masken zum Preis von 2980 Yen. Allerdings brach die Webseite kurz nach Verkaufsstart zusammen und der Verkauf wurde zun\u00e4chst eingestellt und<span style=\"color: #800080;\"><strong> <a style=\"color: #800080;\" href=\"https:\/\/pc.watch.impress.co.jp\/docs\/news\/1248204.html\" target=\"_blank\" rel=\"noopener\">sp\u00e4ter auf ein Lotteriesystem umgestellt<\/a><\/strong><\/span>. Vor Corona hat eine Packung mit 50 Masken unter 1.000 Yen gekostet. Es ist erstaunlich, dass trotz des hohen Preises so ein hoher Ansturm aufkam.<\/p>\n<h3><span class=\"ez-toc-section\" id=\"Fukui_stellt_Masken_sicher\"><\/span><strong>Fukui stellt Masken sicher<\/strong><span class=\"ez-toc-section-end\"><\/span><\/h3>\n<p>&nbsp;<\/p>\n<p>Die einzige Pr\u00e4fektur, die es geschafft eine gute L\u00f6sung f\u00fcr das Problem zu finden ist die Pr\u00e4fektur Fukui. Die Pr\u00e4fekturverwaltung hat es geschafft, 420.000 Packungen Masken zu sichern. Um Hamsterk\u00e4ufe zu verhindern,<span style=\"color: #800080;\"><strong> <a style=\"color: #800080;\" href=\"https:\/\/sumikai.com\/nachrichten-aus-japan\/in-der-praefektur-fukui-gibt-es-masken-nur-noch-mit-tickets-271800\/\" target=\"_blank\" rel=\"noopener\">wurden nummerierte Tickets ausgegeben, die zum Kauf einer Packung pro Haushalt berechtigen.<\/a><\/strong><\/span><\/p>\n<p>Wie es aussieht, wird sich die Maskensituation auch vorerst nicht wesentlich verbessern. Wem die Masken ausgegangen sind, dem bleibt wohl nur \u00fcbrig, sich selbst eine Maske aus Stoff zu n\u00e4hen.<\/p>\n<p><strong>Wie stehen sie zur Maskenpflicht in Deutschland? Tragen Sie eine Maske in der \u00d6ffentlichkeit?<\/strong><\/p>\n<p>&nbsp;<\/p>\n","protected":false},"excerpt":{"rendered":"<p>In Deutschland gilt seit Montag eine Maskenpflicht. In Japan gibt es keine offizielle Maskenpflicht, allerding &hellip;<\/p>\n","protected":false},"author":3,"featured_media":1990,"comment_status":"open","ping_status":"open","sticky":false,"template":"","format":"standard","meta":{"footnotes":""},"categories":[24],"tags":[],"class_list":{"0":"post-1986","1":"post","2":"type-post","3":"status-publish","4":"format-standard","5":"has-post-thumbnail","7":"category-doitsu","8":"clearfix","9":"article"},"_links":{"self":[{"href":"https:\/\/www.trans-euro.jp\/TAex\/wp-json\/wp\/v2\/posts\/1986","targetHints":{"allow":["GET"]}}],"collection":[{"href":"https:\/\/www.trans-euro.jp\/TAex\/wp-json\/wp\/v2\/posts"}],"about":[{"href":"https:\/\/www.trans-euro.jp\/TAex\/wp-json\/wp\/v2\/types\/post"}],"author":[{"embeddable":true,"href":"https:\/\/www.trans-euro.jp\/TAex\/wp-json\/wp\/v2\/users\/3"}],"replies":[{"embeddable":true,"href":"https:\/\/www.trans-euro.jp\/TAex\/wp-json\/wp\/v2\/comments?post=1986"}],"version-history":[{"count":0,"href":"https:\/\/www.trans-euro.jp\/TAex\/wp-json\/wp\/v2\/posts\/1986\/revisions"}],"wp:featuredmedia":[{"embeddable":true,"href":"https:\/\/www.trans-euro.jp\/TAex\/wp-json\/wp\/v2\/media\/1990"}],"wp:attachment":[{"href":"https:\/\/www.trans-euro.jp\/TAex\/wp-json\/wp\/v2\/media?parent=1986"}],"wp:term":[{"taxonomy":"category","embeddable":true,"href":"https:\/\/www.trans-euro.jp\/TAex\/wp-json\/wp\/v2\/categories?post=1986"},{"taxonomy":"post_tag","embeddable":true,"href":"https:\/\/www.trans-euro.jp\/TAex\/wp-json\/wp\/v2\/tags?post=1986"}],"curies":[{"name":"wp","href":"https:\/\/api.w.org\/{rel}","templated":true}]}}